{"id":1090,"date":"2025-09-16T19:08:30","date_gmt":"2025-09-16T17:08:30","guid":{"rendered":"https:\/\/happywandern.ch\/?p=1090"},"modified":"2026-02-02T19:09:18","modified_gmt":"2026-02-02T18:09:18","slug":"schneeschuh-tagestour-brambrueesch-dreibuendenstein-feldis","status":"publish","type":"post","link":"https:\/\/happywandern.ch\/index.php\/2025\/09\/16\/schneeschuh-tagestour-brambrueesch-dreibuendenstein-feldis\/","title":{"rendered":"Schneeschuh Tagestour: Brambr\u00fcesch \u2013 Dreib\u00fcndenstein &#8211; Feldis"},"content":{"rendered":"\n<p>Mit der Bahn gelangen wir von Chur nach Brambr\u00fcesch. Der Einstieg des Weges geht durch den idyllischen Wald, dann mit wunderbarem Ausblick auf die gegen\u00fcberliegende Talseite und den Calanda, hinauf auf den Dreib\u00fcndenstein. (Option Abk\u00fcrzen mit Sesselbahn m\u00f6glich.) Das Rundum Panorama l\u00e4sst einem staunen. Weiter laufen wir hin\u00fcber Richtung Alp Ragutta mit seiner Natureisbahn. Da kehren wir ein bevor uns die Sessel und Gondel wieder ins Tal zum Bahnhof bringen. Eine eindr\u00fcckliche, vielseitige Tagestour.<\/p>\n\n\n\n<figure class=\"wp-block-gallery has-nested-images columns-default is-cropped wp-block-gallery-1 is-layout-flex wp-block-gallery-is-layout-flex\">\n<figure class=\"wp-block-image size-large\"><img data-opt-id=594294375  fetchpriority=\"high\" decoding=\"async\" width=\"1024\" height=\"577\" data-id=\"1092\" src=\"https:\/\/mllyhhjswtj8.i.optimole.com\/w:1024\/h:577\/q:mauto\/f:best\/https:\/\/happywandern.ch\/wp-content\/uploads\/2025\/09\/20250308_111428.jpg\" alt=\"\" class=\"wp-image-1092\" srcset=\"https:\/\/mllyhhjswtj8.i.optimole.com\/w:1024\/h:1080\/q:mauto\/f:best\/https:\/\/happywandern.ch\/wp-content\/uploads\/2025\/09\/20250308_111428-scaled.jpg 1024w, https:\/\/mllyhhjswtj8.i.optimole.com\/w:300\/h:1080\/q:mauto\/f:best\/https:\/\/happywandern.ch\/wp-content\/uploads\/2025\/09\/20250308_111428-scaled.jpg 300w, https:\/\/mllyhhjswtj8.i.optimole.com\/w:768\/h:1080\/q:mauto\/f:best\/https:\/\/happywandern.ch\/wp-content\/uploads\/2025\/09\/20250308_111428-scaled.jpg 768w, https:\/\/mllyhhjswtj8.i.optimole.com\/w:1536\/h:1080\/q:mauto\/f:best\/https:\/\/happywandern.ch\/wp-content\/uploads\/2025\/09\/20250308_111428-scaled.jpg 1536w, https:\/\/mllyhhjswtj8.i.optimole.com\/w:1920\/h:1012\/q:mauto\/f:best\/https:\/\/happywandern.ch\/wp-content\/uploads\/2025\/09\/20250308_111428-scaled.jpg 2048w, https:\/\/mllyhhjswtj8.i.optimole.com\/w:1920\/h:1012\/q:mauto\/f:best\/dpr:2\/https:\/\/happywandern.ch\/wp-content\/uploads\/2025\/09\/20250308_111428-scaled.jpg 2x\" sizes=\"(max-width: 800px) 100vw, 800px\" \/><\/figure>\n\n\n\n<figure class=\"wp-block-image size-large\"><img data-opt-id=316382984  fetchpriority=\"high\" decoding=\"async\" width=\"1024\" height=\"577\" data-id=\"1094\" src=\"https:\/\/mllyhhjswtj8.i.optimole.com\/w:1024\/h:577\/q:mauto\/f:best\/https:\/\/happywandern.ch\/wp-content\/uploads\/2025\/09\/20250308_115342.jpg\" alt=\"\" class=\"wp-image-1094\" srcset=\"https:\/\/mllyhhjswtj8.i.optimole.com\/w:1024\/h:1080\/q:mauto\/f:best\/https:\/\/happywandern.ch\/wp-content\/uploads\/2025\/09\/20250308_115342-scaled.jpg 1024w, https:\/\/mllyhhjswtj8.i.optimole.com\/w:300\/h:1080\/q:mauto\/f:best\/https:\/\/happywandern.ch\/wp-content\/uploads\/2025\/09\/20250308_115342-scaled.jpg 300w, https:\/\/mllyhhjswtj8.i.optimole.com\/w:768\/h:1080\/q:mauto\/f:best\/https:\/\/happywandern.ch\/wp-content\/uploads\/2025\/09\/20250308_115342-scaled.jpg 768w, https:\/\/mllyhhjswtj8.i.optimole.com\/w:1536\/h:1080\/q:mauto\/f:best\/https:\/\/happywandern.ch\/wp-content\/uploads\/2025\/09\/20250308_115342-scaled.jpg 1536w, https:\/\/mllyhhjswtj8.i.optimole.com\/w:1920\/h:1012\/q:mauto\/f:best\/https:\/\/happywandern.ch\/wp-content\/uploads\/2025\/09\/20250308_115342-scaled.jpg 2048w, https:\/\/mllyhhjswtj8.i.optimole.com\/w:1920\/h:1012\/q:mauto\/f:best\/dpr:2\/https:\/\/happywandern.ch\/wp-content\/uploads\/2025\/09\/20250308_115342-scaled.jpg 2x\" sizes=\"(max-width: 800px) 100vw, 800px\" \/><\/figure>\n\n\n\n<figure class=\"wp-block-image size-large\"><img data-opt-id=763945993  fetchpriority=\"high\" decoding=\"async\" width=\"1024\" height=\"577\" data-id=\"1093\" src=\"https:\/\/mllyhhjswtj8.i.optimole.com\/w:1024\/h:577\/q:mauto\/f:best\/https:\/\/happywandern.ch\/wp-content\/uploads\/2025\/09\/20250308_124403.jpg\" alt=\"\" class=\"wp-image-1093\" srcset=\"https:\/\/mllyhhjswtj8.i.optimole.com\/w:1024\/h:1080\/q:mauto\/f:best\/https:\/\/happywandern.ch\/wp-content\/uploads\/2025\/09\/20250308_124403-scaled.jpg 1024w, https:\/\/mllyhhjswtj8.i.optimole.com\/w:300\/h:1080\/q:mauto\/f:best\/https:\/\/happywandern.ch\/wp-content\/uploads\/2025\/09\/20250308_124403-scaled.jpg 300w, https:\/\/mllyhhjswtj8.i.optimole.com\/w:768\/h:1080\/q:mauto\/f:best\/https:\/\/happywandern.ch\/wp-content\/uploads\/2025\/09\/20250308_124403-scaled.jpg 768w, https:\/\/mllyhhjswtj8.i.optimole.com\/w:1536\/h:1080\/q:mauto\/f:best\/https:\/\/happywandern.ch\/wp-content\/uploads\/2025\/09\/20250308_124403-scaled.jpg 1536w, https:\/\/mllyhhjswtj8.i.optimole.com\/w:1920\/h:1012\/q:mauto\/f:best\/https:\/\/happywandern.ch\/wp-content\/uploads\/2025\/09\/20250308_124403-scaled.jpg 2048w, https:\/\/mllyhhjswtj8.i.optimole.com\/w:1920\/h:1012\/q:mauto\/f:best\/dpr:2\/https:\/\/happywandern.ch\/wp-content\/uploads\/2025\/09\/20250308_124403-scaled.jpg 2x\" sizes=\"(max-width: 800px) 100vw, 800px\" \/><\/figure>\n\n\n\n<figure class=\"wp-block-image size-large\"><img data-opt-id=964279776  data-opt-src=\"https:\/\/mllyhhjswtj8.i.optimole.com\/w:1024\/h:577\/q:mauto\/f:best\/https:\/\/happywandern.ch\/wp-content\/uploads\/2025\/09\/20250308_125705.jpg\"  loading=\"lazy\" decoding=\"async\" width=\"1024\" height=\"577\" data-id=\"1095\" src=\"https:\/\/mllyhhjswtj8.i.optimole.com\/w:1024\/h:577\/q:eco\/f:best\/https:\/\/happywandern.ch\/wp-content\/uploads\/2025\/09\/20250308_125705.jpg\" alt=\"\" class=\"wp-image-1095\" old-srcset=\"https:\/\/mllyhhjswtj8.i.optimole.com\/w:1024\/h:1080\/q:mauto\/f:best\/https:\/\/happywandern.ch\/wp-content\/uploads\/2025\/09\/20250308_125705-scaled.jpg 1024w, https:\/\/mllyhhjswtj8.i.optimole.com\/w:300\/h:1080\/q:mauto\/f:best\/https:\/\/happywandern.ch\/wp-content\/uploads\/2025\/09\/20250308_125705-scaled.jpg 300w, https:\/\/mllyhhjswtj8.i.optimole.com\/w:768\/h:1080\/q:mauto\/f:best\/https:\/\/happywandern.ch\/wp-content\/uploads\/2025\/09\/20250308_125705-scaled.jpg 768w, https:\/\/mllyhhjswtj8.i.optimole.com\/w:1536\/h:1080\/q:mauto\/f:best\/https:\/\/happywandern.ch\/wp-content\/uploads\/2025\/09\/20250308_125705-scaled.jpg 1536w, https:\/\/mllyhhjswtj8.i.optimole.com\/w:1920\/h:1012\/q:mauto\/f:best\/https:\/\/happywandern.ch\/wp-content\/uploads\/2025\/09\/20250308_125705-scaled.jpg 2048w, https:\/\/mllyhhjswtj8.i.optimole.com\/w:1920\/h:1012\/q:mauto\/f:best\/dpr:2\/https:\/\/happywandern.ch\/wp-content\/uploads\/2025\/09\/20250308_125705-scaled.jpg 2x\" \/><\/figure>\n<\/figure>\n","protected":false},"excerpt":{"rendered":"<p>Mit der Bahn gelangen wir von Chur nach Brambr\u00fcesch. Der Einstieg des Weges geht durch den idyllischen Wald, dann mit wunderbarem Ausblick auf die gegen\u00fcberliegende Talseite und den Calanda, hinauf auf den Dreib\u00fcndenstein. (Option Abk\u00fcrzen mit Sesselbahn m\u00f6glich.) Das Rundum Panorama l\u00e4sst einem staunen. Weiter laufen wir hin\u00fcber Richtung Alp Ragutta mit seiner Natureisbahn. Da [&hellip;]<\/p>\n","protected":false},"author":1,"featured_media":1091,"comment_status":"closed","ping_status":"closed","sticky":false,"template":"","format":"standard","meta":{"_acf_changed":false,"footnotes":""},"categories":[14],"tags":[],"class_list":["post-1090","post","type-post","status-publish","format-standard","has-post-thumbnail","hentry","category-archiv"],"acf":{"datum":"20260131","anzahl_tage":1,"treffpunkt":"Brambr\u00fcesch Talstation, 9.10 Uhr","zeit":"4","distanz":8,"hohenmeter":860,"tiefenmeter":490,"kondition":"Mittel","schwierigkeit":"T2","kosten":"75","archiv":"nein","mitnehmen":"Tagesrucksack mit Lunch und ausreichend Getr\u00e4nken (warmer Tee in Thermosflasche empfohlen). \r\nEigene Medikamente, Rettungsdecke, Sitzunterlage, Schneeschuhe und Wanderst\u00f6cke. Kleidung und Schuhe Winterausr\u00fcstung.\r\nGute Laune und Freude an Erlebnissen und Bewegung in der Natur. Interesse am Wandern in einer Kleingruppe.\r\n","kondition-text":"Es handelt sich um eine Wanderung T2, Kondition mittel. Bei Fragen kontaktieren Sie mich!","anmeldung":"Bis 12. Januar 2026"},"yoast_head":"<!-- This site is optimized with the Yoast SEO plugin v27.4 - https:\/\/yoast.com\/product\/yoast-seo-wordpress\/ -->\n<title>Schneeschuh Tagestour: Brambr\u00fcesch \u2013 Dreib\u00fcndenstein - Feldis - Happy Wandern<\/title>\n<meta name=\"description\" content=\"Mit der Bahn gelangen wir von Chur nach Brambr\u00fcesch. Der Einstieg des Weges geht durch den idyllischen Wald, dann mit wunderbarem Ausblick auf die gegen\u00fcberliegende Talseite und den Calanda, hinauf auf den Dreib\u00fcndenstein.\" \/>\n<meta name=\"robots\" content=\"index, follow, max-snippet:-1, max-image-preview:large, max-video-preview:-1\" \/>\n<link rel=\"canonical\" href=\"https:\/\/happywandern.ch\/index.php\/2025\/09\/16\/schneeschuh-tagestour-brambrueesch-dreibuendenstein-feldis\/\" \/>\n<meta property=\"og:locale\" content=\"de_DE\" \/>\n<meta property=\"og:type\" content=\"article\" \/>\n<meta property=\"og:title\" content=\"Schneeschuh Tagestour: Brambr\u00fcesch \u2013 Dreib\u00fcndenstein - Feldis - Happy Wandern\" \/>\n<meta property=\"og:description\" content=\"Mit der Bahn gelangen wir von Chur nach Brambr\u00fcesch. Der Einstieg des Weges geht durch den idyllischen Wald, dann mit wunderbarem Ausblick auf die gegen\u00fcberliegende Talseite und den Calanda, hinauf auf den Dreib\u00fcndenstein.\" \/>\n<meta property=\"og:url\" content=\"https:\/\/happywandern.ch\/index.php\/2025\/09\/16\/schneeschuh-tagestour-brambrueesch-dreibuendenstein-feldis\/\" \/>\n<meta property=\"og:site_name\" content=\"Happy Wandern\" \/>\n<meta property=\"article:published_time\" content=\"2025-09-16T17:08:30+00:00\" \/>\n<meta property=\"article:modified_time\" content=\"2026-02-02T18:09:18+00:00\" \/>\n<meta property=\"og:image\" content=\"https:\/\/mllyhhjswtj8.i.optimole.com\/w:auto\/h:auto\/q:mauto\/f:best\/https:\/\/happywandern.ch\/wp-content\/uploads\/2025\/09\/20250308_111031-scaled.jpg\" \/>\n\t<meta property=\"og:image:width\" content=\"1441\" \/>\n\t<meta property=\"og:image:height\" content=\"2560\" \/>\n\t<meta property=\"og:image:type\" content=\"image\/jpeg\" \/>\n<meta name=\"author\" content=\"paul\" \/>\n<meta name=\"twitter:card\" content=\"summary_large_image\" \/>\n<meta name=\"twitter:label1\" content=\"Geschrieben von\" \/>\n\t<meta name=\"twitter:data1\" content=\"paul\" \/>\n\t<meta name=\"twitter:label2\" content=\"Gesch\u00e4tzte Lesezeit\" \/>\n\t<meta name=\"twitter:data2\" content=\"2\u00a0Minuten\" \/>\n<script type=\"application\/ld+json\" class=\"yoast-schema-graph\">{\"@context\":\"https:\\\/\\\/schema.org\",\"@graph\":[{\"@type\":\"Article\",\"@id\":\"https:\\\/\\\/happywandern.ch\\\/index.php\\\/2025\\\/09\\\/16\\\/schneeschuh-tagestour-brambrueesch-dreibuendenstein-feldis\\\/#article\",\"isPartOf\":{\"@id\":\"https:\\\/\\\/happywandern.ch\\\/index.php\\\/2025\\\/09\\\/16\\\/schneeschuh-tagestour-brambrueesch-dreibuendenstein-feldis\\\/\"},\"author\":{\"name\":\"paul\",\"@id\":\"https:\\\/\\\/happywandern.ch\\\/#\\\/schema\\\/person\\\/3d9f9eb1188a2097434764a1e34025a3\"},\"headline\":\"Schneeschuh Tagestour: Brambr\u00fcesch \u2013 Dreib\u00fcndenstein &#8211; Feldis\",\"datePublished\":\"2025-09-16T17:08:30+00:00\",\"dateModified\":\"2026-02-02T18:09:18+00:00\",\"mainEntityOfPage\":{\"@id\":\"https:\\\/\\\/happywandern.ch\\\/index.php\\\/2025\\\/09\\\/16\\\/schneeschuh-tagestour-brambrueesch-dreibuendenstein-feldis\\\/\"},\"wordCount\":90,\"publisher\":{\"@id\":\"https:\\\/\\\/happywandern.ch\\\/#organization\"},\"image\":{\"@id\":\"https:\\\/\\\/happywandern.ch\\\/index.php\\\/2025\\\/09\\\/16\\\/schneeschuh-tagestour-brambrueesch-dreibuendenstein-feldis\\\/#primaryimage\"},\"thumbnailUrl\":\"https:\\/\\/happywandern.ch\\/wp-content\\/uploads\\/2025\\/09\\/20250308_111031-scaled.jpg\",\"articleSection\":[\"Archiv\"],\"inLanguage\":\"de-CH\"},{\"@type\":\"WebPage\",\"@id\":\"https:\\\/\\\/happywandern.ch\\\/index.php\\\/2025\\\/09\\\/16\\\/schneeschuh-tagestour-brambrueesch-dreibuendenstein-feldis\\\/\",\"url\":\"https:\\\/\\\/happywandern.ch\\\/index.php\\\/2025\\\/09\\\/16\\\/schneeschuh-tagestour-brambrueesch-dreibuendenstein-feldis\\\/\",\"name\":\"Schneeschuh Tagestour: Brambr\u00fcesch \u2013 Dreib\u00fcndenstein - Feldis - Happy Wandern\",\"isPartOf\":{\"@id\":\"https:\\\/\\\/happywandern.ch\\\/#website\"},\"primaryImageOfPage\":{\"@id\":\"https:\\\/\\\/happywandern.ch\\\/index.php\\\/2025\\\/09\\\/16\\\/schneeschuh-tagestour-brambrueesch-dreibuendenstein-feldis\\\/#primaryimage\"},\"image\":{\"@id\":\"https:\\\/\\\/happywandern.ch\\\/index.php\\\/2025\\\/09\\\/16\\\/schneeschuh-tagestour-brambrueesch-dreibuendenstein-feldis\\\/#primaryimage\"},\"thumbnailUrl\":\"https:\\/\\/happywandern.ch\\/wp-content\\/uploads\\/2025\\/09\\/20250308_111031-scaled.jpg\",\"datePublished\":\"2025-09-16T17:08:30+00:00\",\"dateModified\":\"2026-02-02T18:09:18+00:00\",\"description\":\"Mit der Bahn gelangen wir von Chur nach Brambr\u00fcesch. Der Einstieg des Weges geht durch den idyllischen Wald, dann mit wunderbarem Ausblick auf die gegen\u00fcberliegende Talseite und den Calanda, hinauf auf den Dreib\u00fcndenstein.\",\"breadcrumb\":{\"@id\":\"https:\\\/\\\/happywandern.ch\\\/index.php\\\/2025\\\/09\\\/16\\\/schneeschuh-tagestour-brambrueesch-dreibuendenstein-feldis\\\/#breadcrumb\"},\"inLanguage\":\"de-CH\",\"potentialAction\":[{\"@type\":\"ReadAction\",\"target\":[\"https:\\\/\\\/happywandern.ch\\\/index.php\\\/2025\\\/09\\\/16\\\/schneeschuh-tagestour-brambrueesch-dreibuendenstein-feldis\\\/\"]}]},{\"@type\":\"ImageObject\",\"inLanguage\":\"de-CH\",\"@id\":\"https:\\\/\\\/happywandern.ch\\\/index.php\\\/2025\\\/09\\\/16\\\/schneeschuh-tagestour-brambrueesch-dreibuendenstein-feldis\\\/#primaryimage\",\"url\":\"https:\\/\\/happywandern.ch\\/wp-content\\/uploads\\/2025\\/09\\/20250308_111031-scaled.jpg\",\"contentUrl\":\"https:\\/\\/happywandern.ch\\/wp-content\\/uploads\\/2025\\/09\\/20250308_111031-scaled.jpg\",\"width\":1441,\"height\":2560},{\"@type\":\"BreadcrumbList\",\"@id\":\"https:\\\/\\\/happywandern.ch\\\/index.php\\\/2025\\\/09\\\/16\\\/schneeschuh-tagestour-brambrueesch-dreibuendenstein-feldis\\\/#breadcrumb\",\"itemListElement\":[{\"@type\":\"ListItem\",\"position\":1,\"name\":\"Home\",\"item\":\"https:\\\/\\\/happywandern.ch\\\/\"},{\"@type\":\"ListItem\",\"position\":2,\"name\":\"Schneeschuh Tagestour: Brambr\u00fcesch \u2013 Dreib\u00fcndenstein &#8211; Feldis\"}]},{\"@type\":\"WebSite\",\"@id\":\"https:\\\/\\\/happywandern.ch\\\/#website\",\"url\":\"https:\\\/\\\/happywandern.ch\\\/\",\"name\":\"Happy Wandern\",\"description\":\"\",\"publisher\":{\"@id\":\"https:\\\/\\\/happywandern.ch\\\/#organization\"},\"potentialAction\":[{\"@type\":\"SearchAction\",\"target\":{\"@type\":\"EntryPoint\",\"urlTemplate\":\"https:\\\/\\\/happywandern.ch\\\/?s={search_term_string}\"},\"query-input\":{\"@type\":\"PropertyValueSpecification\",\"valueRequired\":true,\"valueName\":\"search_term_string\"}}],\"inLanguage\":\"de-CH\"},{\"@type\":\"Organization\",\"@id\":\"https:\\\/\\\/happywandern.ch\\\/#organization\",\"name\":\"Happy Wandern\",\"url\":\"https:\\\/\\\/happywandern.ch\\\/\",\"logo\":{\"@type\":\"ImageObject\",\"inLanguage\":\"de-CH\",\"@id\":\"https:\\\/\\\/happywandern.ch\\\/#\\\/schema\\\/logo\\\/image\\\/\",\"url\":\"https:\\/\\/happywandern.ch\\/wp-content\\/uploads\\/2023\\/01\\/happywandern_logo_mit_blatt_4.png\",\"contentUrl\":\"https:\\/\\/happywandern.ch\\/wp-content\\/uploads\\/2023\\/01\\/happywandern_logo_mit_blatt_4.png\",\"width\":2681,\"height\":948,\"caption\":\"Happy Wandern\"},\"image\":{\"@id\":\"https:\\\/\\\/happywandern.ch\\\/#\\\/schema\\\/logo\\\/image\\\/\"}},{\"@type\":\"Person\",\"@id\":\"https:\\\/\\\/happywandern.ch\\\/#\\\/schema\\\/person\\\/3d9f9eb1188a2097434764a1e34025a3\",\"name\":\"paul\",\"image\":{\"@type\":\"ImageObject\",\"inLanguage\":\"de-CH\",\"@id\":\"https:\\\/\\\/secure.gravatar.com\\\/avatar\\\/4691fc84c53c19f26926596ac6f3cc301e19ac708045852914cb4496b6fab868?s=96&d=mm&r=g\",\"url\":\"https:\\\/\\\/secure.gravatar.com\\\/avatar\\\/4691fc84c53c19f26926596ac6f3cc301e19ac708045852914cb4496b6fab868?s=96&d=mm&r=g\",\"contentUrl\":\"https:\\\/\\\/secure.gravatar.com\\\/avatar\\\/4691fc84c53c19f26926596ac6f3cc301e19ac708045852914cb4496b6fab868?s=96&d=mm&r=g\",\"caption\":\"paul\"},\"sameAs\":[\"https:\\\/\\\/happywandern.ch\"],\"url\":\"https:\\\/\\\/happywandern.ch\\\/index.php\\\/author\\\/paul\\\/\"}]}<\/script>\n<!-- \/ Yoast SEO plugin. -->","yoast_head_json":{"title":"Schneeschuh Tagestour: Brambr\u00fcesch \u2013 Dreib\u00fcndenstein - Feldis - Happy Wandern","description":"Mit der Bahn gelangen wir von Chur nach Brambr\u00fcesch. Der Einstieg des Weges geht durch den idyllischen Wald, dann mit wunderbarem Ausblick auf die gegen\u00fcberliegende Talseite und den Calanda, hinauf auf den Dreib\u00fcndenstein.","robots":{"index":"index","follow":"follow","max-snippet":"max-snippet:-1","max-image-preview":"max-image-preview:large","max-video-preview":"max-video-preview:-1"},"canonical":"https:\/\/happywandern.ch\/index.php\/2025\/09\/16\/schneeschuh-tagestour-brambrueesch-dreibuendenstein-feldis\/","og_locale":"de_DE","og_type":"article","og_title":"Schneeschuh Tagestour: Brambr\u00fcesch \u2013 Dreib\u00fcndenstein - Feldis - Happy Wandern","og_description":"Mit der Bahn gelangen wir von Chur nach Brambr\u00fcesch. Der Einstieg des Weges geht durch den idyllischen Wald, dann mit wunderbarem Ausblick auf die gegen\u00fcberliegende Talseite und den Calanda, hinauf auf den Dreib\u00fcndenstein.","og_url":"https:\/\/happywandern.ch\/index.php\/2025\/09\/16\/schneeschuh-tagestour-brambrueesch-dreibuendenstein-feldis\/","og_site_name":"Happy Wandern","article_published_time":"2025-09-16T17:08:30+00:00","article_modified_time":"2026-02-02T18:09:18+00:00","og_image":[{"width":1441,"height":2560,"url":"https:\/\/mllyhhjswtj8.i.optimole.com\/w:auto\/h:auto\/q:mauto\/f:best\/https:\/\/happywandern.ch\/wp-content\/uploads\/2025\/09\/20250308_111031-scaled.jpg","type":"image\/jpeg"}],"author":"paul","twitter_card":"summary_large_image","twitter_misc":{"Geschrieben von":"paul","Gesch\u00e4tzte Lesezeit":"2\u00a0Minuten"},"schema":{"@context":"https:\/\/schema.org","@graph":[{"@type":"Article","@id":"https:\/\/happywandern.ch\/index.php\/2025\/09\/16\/schneeschuh-tagestour-brambrueesch-dreibuendenstein-feldis\/#article","isPartOf":{"@id":"https:\/\/happywandern.ch\/index.php\/2025\/09\/16\/schneeschuh-tagestour-brambrueesch-dreibuendenstein-feldis\/"},"author":{"name":"paul","@id":"https:\/\/happywandern.ch\/#\/schema\/person\/3d9f9eb1188a2097434764a1e34025a3"},"headline":"Schneeschuh Tagestour: Brambr\u00fcesch \u2013 Dreib\u00fcndenstein &#8211; Feldis","datePublished":"2025-09-16T17:08:30+00:00","dateModified":"2026-02-02T18:09:18+00:00","mainEntityOfPage":{"@id":"https:\/\/happywandern.ch\/index.php\/2025\/09\/16\/schneeschuh-tagestour-brambrueesch-dreibuendenstein-feldis\/"},"wordCount":90,"publisher":{"@id":"https:\/\/happywandern.ch\/#organization"},"image":{"@id":"https:\/\/happywandern.ch\/index.php\/2025\/09\/16\/schneeschuh-tagestour-brambrueesch-dreibuendenstein-feldis\/#primaryimage"},"thumbnailUrl":"https:\/\/mllyhhjswtj8.i.optimole.com\/w:auto\/h:auto\/q:mauto\/f:best\/https:\/\/happywandern.ch\/wp-content\/uploads\/2025\/09\/20250308_111031-scaled.jpg","articleSection":["Archiv"],"inLanguage":"de-CH"},{"@type":"WebPage","@id":"https:\/\/happywandern.ch\/index.php\/2025\/09\/16\/schneeschuh-tagestour-brambrueesch-dreibuendenstein-feldis\/","url":"https:\/\/happywandern.ch\/index.php\/2025\/09\/16\/schneeschuh-tagestour-brambrueesch-dreibuendenstein-feldis\/","name":"Schneeschuh Tagestour: Brambr\u00fcesch \u2013 Dreib\u00fcndenstein - Feldis - Happy Wandern","isPartOf":{"@id":"https:\/\/happywandern.ch\/#website"},"primaryImageOfPage":{"@id":"https:\/\/happywandern.ch\/index.php\/2025\/09\/16\/schneeschuh-tagestour-brambrueesch-dreibuendenstein-feldis\/#primaryimage"},"image":{"@id":"https:\/\/happywandern.ch\/index.php\/2025\/09\/16\/schneeschuh-tagestour-brambrueesch-dreibuendenstein-feldis\/#primaryimage"},"thumbnailUrl":"https:\/\/mllyhhjswtj8.i.optimole.com\/w:auto\/h:auto\/q:mauto\/f:best\/https:\/\/happywandern.ch\/wp-content\/uploads\/2025\/09\/20250308_111031-scaled.jpg","datePublished":"2025-09-16T17:08:30+00:00","dateModified":"2026-02-02T18:09:18+00:00","description":"Mit der Bahn gelangen wir von Chur nach Brambr\u00fcesch. Der Einstieg des Weges geht durch den idyllischen Wald, dann mit wunderbarem Ausblick auf die gegen\u00fcberliegende Talseite und den Calanda, hinauf auf den Dreib\u00fcndenstein.","breadcrumb":{"@id":"https:\/\/happywandern.ch\/index.php\/2025\/09\/16\/schneeschuh-tagestour-brambrueesch-dreibuendenstein-feldis\/#breadcrumb"},"inLanguage":"de-CH","potentialAction":[{"@type":"ReadAction","target":["https:\/\/happywandern.ch\/index.php\/2025\/09\/16\/schneeschuh-tagestour-brambrueesch-dreibuendenstein-feldis\/"]}]},{"@type":"ImageObject","inLanguage":"de-CH","@id":"https:\/\/happywandern.ch\/index.php\/2025\/09\/16\/schneeschuh-tagestour-brambrueesch-dreibuendenstein-feldis\/#primaryimage","url":"https:\/\/mllyhhjswtj8.i.optimole.com\/w:auto\/h:auto\/q:mauto\/f:best\/https:\/\/happywandern.ch\/wp-content\/uploads\/2025\/09\/20250308_111031-scaled.jpg","contentUrl":"https:\/\/mllyhhjswtj8.i.optimole.com\/w:auto\/h:auto\/q:mauto\/f:best\/https:\/\/happywandern.ch\/wp-content\/uploads\/2025\/09\/20250308_111031-scaled.jpg","width":1441,"height":2560},{"@type":"BreadcrumbList","@id":"https:\/\/happywandern.ch\/index.php\/2025\/09\/16\/schneeschuh-tagestour-brambrueesch-dreibuendenstein-feldis\/#breadcrumb","itemListElement":[{"@type":"ListItem","position":1,"name":"Home","item":"https:\/\/happywandern.ch\/"},{"@type":"ListItem","position":2,"name":"Schneeschuh Tagestour: Brambr\u00fcesch \u2013 Dreib\u00fcndenstein &#8211; Feldis"}]},{"@type":"WebSite","@id":"https:\/\/happywandern.ch\/#website","url":"https:\/\/happywandern.ch\/","name":"Happy Wandern","description":"","publisher":{"@id":"https:\/\/happywandern.ch\/#organization"},"potentialAction":[{"@type":"SearchAction","target":{"@type":"EntryPoint","urlTemplate":"https:\/\/happywandern.ch\/?s={search_term_string}"},"query-input":{"@type":"PropertyValueSpecification","valueRequired":true,"valueName":"search_term_string"}}],"inLanguage":"de-CH"},{"@type":"Organization","@id":"https:\/\/happywandern.ch\/#organization","name":"Happy Wandern","url":"https:\/\/happywandern.ch\/","logo":{"@type":"ImageObject","inLanguage":"de-CH","@id":"https:\/\/happywandern.ch\/#\/schema\/logo\/image\/","url":"https:\/\/mllyhhjswtj8.i.optimole.com\/w:auto\/h:auto\/q:mauto\/f:best\/https:\/\/happywandern.ch\/wp-content\/uploads\/2023\/01\/happywandern_logo_mit_blatt_4.png","contentUrl":"https:\/\/mllyhhjswtj8.i.optimole.com\/w:auto\/h:auto\/q:mauto\/f:best\/https:\/\/happywandern.ch\/wp-content\/uploads\/2023\/01\/happywandern_logo_mit_blatt_4.png","width":2681,"height":948,"caption":"Happy Wandern"},"image":{"@id":"https:\/\/happywandern.ch\/#\/schema\/logo\/image\/"}},{"@type":"Person","@id":"https:\/\/happywandern.ch\/#\/schema\/person\/3d9f9eb1188a2097434764a1e34025a3","name":"paul","image":{"@type":"ImageObject","inLanguage":"de-CH","@id":"https:\/\/secure.gravatar.com\/avatar\/4691fc84c53c19f26926596ac6f3cc301e19ac708045852914cb4496b6fab868?s=96&d=mm&r=g","url":"https:\/\/secure.gravatar.com\/avatar\/4691fc84c53c19f26926596ac6f3cc301e19ac708045852914cb4496b6fab868?s=96&d=mm&r=g","contentUrl":"https:\/\/secure.gravatar.com\/avatar\/4691fc84c53c19f26926596ac6f3cc301e19ac708045852914cb4496b6fab868?s=96&d=mm&r=g","caption":"paul"},"sameAs":["https:\/\/happywandern.ch"],"url":"https:\/\/happywandern.ch\/index.php\/author\/paul\/"}]}},"_links":{"self":[{"href":"https:\/\/happywandern.ch\/index.php\/wp-json\/wp\/v2\/posts\/1090","targetHints":{"allow":["GET"]}}],"collection":[{"href":"https:\/\/happywandern.ch\/index.php\/wp-json\/wp\/v2\/posts"}],"about":[{"href":"https:\/\/happywandern.ch\/index.php\/wp-json\/wp\/v2\/types\/post"}],"author":[{"embeddable":true,"href":"https:\/\/happywandern.ch\/index.php\/wp-json\/wp\/v2\/users\/1"}],"replies":[{"embeddable":true,"href":"https:\/\/happywandern.ch\/index.php\/wp-json\/wp\/v2\/comments?post=1090"}],"version-history":[{"count":4,"href":"https:\/\/happywandern.ch\/index.php\/wp-json\/wp\/v2\/posts\/1090\/revisions"}],"predecessor-version":[{"id":1134,"href":"https:\/\/happywandern.ch\/index.php\/wp-json\/wp\/v2\/posts\/1090\/revisions\/1134"}],"wp:featuredmedia":[{"embeddable":true,"href":"https:\/\/happywandern.ch\/index.php\/wp-json\/wp\/v2\/media\/1091"}],"wp:attachment":[{"href":"https:\/\/happywandern.ch\/index.php\/wp-json\/wp\/v2\/media?parent=1090"}],"wp:term":[{"taxonomy":"category","embeddable":true,"href":"https:\/\/happywandern.ch\/index.php\/wp-json\/wp\/v2\/categories?post=1090"},{"taxonomy":"post_tag","embeddable":true,"href":"https:\/\/happywandern.ch\/index.php\/wp-json\/wp\/v2\/tags?post=1090"}],"curies":[{"name":"wp","href":"https:\/\/api.w.org\/{rel}","templated":true}]}}