{"id":944,"date":"2023-09-22T09:38:25","date_gmt":"2023-09-22T07:38:25","guid":{"rendered":"https:\/\/happywandern.ch\/?p=944"},"modified":"2024-07-10T06:00:51","modified_gmt":"2024-07-10T04:00:51","slug":"alpenflora-tour","status":"publish","type":"post","link":"https:\/\/happywandern.ch\/index.php\/2023\/09\/22\/alpenflora-tour\/","title":{"rendered":"Alpenflora Tour mit Safran &#8211; Vortrag"},"content":{"rendered":"\n<p><strong>Zwei Tage unterwegs, mit dem Blick auf die Alpenflora im Naturpark Beverin.<\/strong><\/p>\n\n\n\n<p><strong>Der erste Tag startet auf dem Hof der Familie Michael in Donat. Wir erhalten einen Einblick zu Ihren Tieren und Ihrer genialen Idee, Safran auf dieser H\u00f6he im Naturpark Beverin anzubauen. Alles \u00fcber die Aufwendigkeit und die Bedeutung erfahrt ihr in einem spannenden Vortrag. Anschliessend wandern wir gem\u00fctlich von Donat nach Andeer und von dort entlang dem Rhein &nbsp;zur\u00fcck nach Donat. Am Abend d\u00fcrfen wir im Hotel Capricorn ein k\u00f6stliches Safranmenu kosten.Am Folgetag wandern wir hoch zum Libisee, wo wir nebst der aussergew\u00f6hnlichen Bergflora ein herrliches Panorama geniessen k\u00f6nnen. Hier bietet sich die Gelegenheit, etwas \u00fcber die Alpenflora zu erfahren. Z. B. Welche Strategie l\u00e4sst die Blumen in dieser H\u00f6he \u00fcberleben?<\/strong><\/p>\n\n\n\n<p><strong>Route&nbsp;&nbsp;&nbsp;&nbsp;&nbsp;&nbsp;&nbsp;&nbsp;&nbsp;&nbsp;&nbsp;&nbsp;&nbsp;&nbsp;&nbsp;&nbsp;&nbsp;&nbsp;&nbsp;&nbsp;&nbsp; <\/strong><\/p>\n\n\n\n<p><strong>1.Tag: Donat &#8211; Andeer &#8211; Donat <\/strong><\/p>\n\n\n\n<p><strong>2.Tag: Mathon &#8211; Libisee &#8211; Lohn &#8211; Mathon<\/strong><\/p>\n\n\n\n<p><strong>Kosten<\/strong><\/p>\n\n\n\n<p><strong>F\u00fcr die 2 Wandertage inkl. Vortrag zu Safran, Animationen am Weg, Abendessen (Safranmenu), \u00dcbernachtung (Option Dampfbad und Sauna) Total: 250.- (im Doppelzimmer, Einzelzimmer Zuschlag 10.-)<\/strong><\/p>\n\n\n\n<p><strong>Durchf\u00fchrung garantiert, noch wenige Pl\u00e4tze frei!<\/strong><\/p>\n\n\n\n<figure class=\"wp-block-gallery has-nested-images columns-2 is-cropped wp-block-gallery-1 is-layout-flex wp-block-gallery-is-layout-flex\">\n<figure class=\"wp-block-image size-large\"><a href=\"https:\/\/mllyhhjswtj8.i.optimole.com\/w:auto\/h:auto\/q:mauto\/f:best\/https:\/\/happywandern.ch\/wp-content\/uploads\/2023\/09\/20220521_110718-scaled.jpg\"><img data-opt-id=1624843320  fetchpriority=\"high\" decoding=\"async\" width=\"1024\" height=\"768\" data-id=\"956\" src=\"https:\/\/mllyhhjswtj8.i.optimole.com\/w:1024\/h:768\/q:mauto\/f:best\/https:\/\/happywandern.ch\/wp-content\/uploads\/2023\/09\/20220521_110718.jpg\" alt=\"\" class=\"wp-image-956\" srcset=\"https:\/\/mllyhhjswtj8.i.optimole.com\/w:1024\/h:768\/q:mauto\/f:best\/https:\/\/happywandern.ch\/wp-content\/uploads\/2023\/09\/20220521_110718-scaled.jpg 1024w, https:\/\/mllyhhjswtj8.i.optimole.com\/w:300\/h:225\/q:mauto\/f:best\/https:\/\/happywandern.ch\/wp-content\/uploads\/2023\/09\/20220521_110718-scaled.jpg 300w, https:\/\/mllyhhjswtj8.i.optimole.com\/w:768\/h:576\/q:mauto\/f:best\/https:\/\/happywandern.ch\/wp-content\/uploads\/2023\/09\/20220521_110718-scaled.jpg 768w, https:\/\/mllyhhjswtj8.i.optimole.com\/w:1440\/h:1080\/q:mauto\/f:best\/https:\/\/happywandern.ch\/wp-content\/uploads\/2023\/09\/20220521_110718-scaled.jpg 1536w, https:\/\/mllyhhjswtj8.i.optimole.com\/w:1440\/h:1080\/q:mauto\/f:best\/https:\/\/happywandern.ch\/wp-content\/uploads\/2023\/09\/20220521_110718-scaled.jpg 2048w, https:\/\/mllyhhjswtj8.i.optimole.com\/w:1440\/h:1080\/q:mauto\/f:best\/dpr:2\/https:\/\/happywandern.ch\/wp-content\/uploads\/2023\/09\/20220521_110718-scaled.jpg 2x\" sizes=\"(max-width: 800px) 100vw, 800px\" \/><\/a><\/figure>\n\n\n\n<figure class=\"wp-block-image size-large\"><a href=\"https:\/\/mllyhhjswtj8.i.optimole.com\/w:auto\/h:auto\/q:mauto\/f:best\/https:\/\/happywandern.ch\/wp-content\/uploads\/2023\/09\/20220521_123935-scaled.jpg\"><img data-opt-id=2029774556  fetchpriority=\"high\" decoding=\"async\" width=\"1024\" height=\"768\" data-id=\"947\" src=\"https:\/\/mllyhhjswtj8.i.optimole.com\/w:1024\/h:768\/q:mauto\/f:best\/https:\/\/happywandern.ch\/wp-content\/uploads\/2023\/09\/20220521_123935.jpg\" alt=\"\" class=\"wp-image-947\" srcset=\"https:\/\/mllyhhjswtj8.i.optimole.com\/w:1024\/h:768\/q:mauto\/f:best\/https:\/\/happywandern.ch\/wp-content\/uploads\/2023\/09\/20220521_123935-scaled.jpg 1024w, https:\/\/mllyhhjswtj8.i.optimole.com\/w:300\/h:225\/q:mauto\/f:best\/https:\/\/happywandern.ch\/wp-content\/uploads\/2023\/09\/20220521_123935-scaled.jpg 300w, https:\/\/mllyhhjswtj8.i.optimole.com\/w:768\/h:576\/q:mauto\/f:best\/https:\/\/happywandern.ch\/wp-content\/uploads\/2023\/09\/20220521_123935-scaled.jpg 768w, https:\/\/mllyhhjswtj8.i.optimole.com\/w:1440\/h:1080\/q:mauto\/f:best\/https:\/\/happywandern.ch\/wp-content\/uploads\/2023\/09\/20220521_123935-scaled.jpg 1536w, https:\/\/mllyhhjswtj8.i.optimole.com\/w:1440\/h:1080\/q:mauto\/f:best\/https:\/\/happywandern.ch\/wp-content\/uploads\/2023\/09\/20220521_123935-scaled.jpg 2048w, https:\/\/mllyhhjswtj8.i.optimole.com\/w:1440\/h:1080\/q:mauto\/f:best\/dpr:2\/https:\/\/happywandern.ch\/wp-content\/uploads\/2023\/09\/20220521_123935-scaled.jpg 2x\" sizes=\"(max-width: 800px) 100vw, 800px\" \/><\/a><\/figure>\n\n\n\n<figure class=\"wp-block-image size-large\"><a href=\"https:\/\/mllyhhjswtj8.i.optimole.com\/w:auto\/h:auto\/q:mauto\/f:best\/https:\/\/happywandern.ch\/wp-content\/uploads\/2023\/09\/IMG-20230520-WA0003.jpg\"><img data-opt-id=1314526905  fetchpriority=\"high\" decoding=\"async\" width=\"1024\" height=\"578\" data-id=\"948\" src=\"https:\/\/mllyhhjswtj8.i.optimole.com\/w:1024\/h:578\/q:mauto\/f:best\/https:\/\/happywandern.ch\/wp-content\/uploads\/2023\/09\/IMG-20230520-WA0003.jpg\" alt=\"\" class=\"wp-image-948\" srcset=\"https:\/\/mllyhhjswtj8.i.optimole.com\/w:1024\/h:578\/q:mauto\/f:best\/https:\/\/happywandern.ch\/wp-content\/uploads\/2023\/09\/IMG-20230520-WA0003.jpg 1024w, https:\/\/mllyhhjswtj8.i.optimole.com\/w:300\/h:169\/q:mauto\/f:best\/https:\/\/happywandern.ch\/wp-content\/uploads\/2023\/09\/IMG-20230520-WA0003.jpg 300w, https:\/\/mllyhhjswtj8.i.optimole.com\/w:768\/h:433\/q:mauto\/f:best\/https:\/\/happywandern.ch\/wp-content\/uploads\/2023\/09\/IMG-20230520-WA0003.jpg 768w, https:\/\/mllyhhjswtj8.i.optimole.com\/w:1536\/h:866\/q:mauto\/f:best\/https:\/\/happywandern.ch\/wp-content\/uploads\/2023\/09\/IMG-20230520-WA0003.jpg 1536w, https:\/\/mllyhhjswtj8.i.optimole.com\/w:1914\/h:1080\/q:mauto\/f:best\/https:\/\/happywandern.ch\/wp-content\/uploads\/2023\/09\/IMG-20230520-WA0003.jpg 2000w, https:\/\/mllyhhjswtj8.i.optimole.com\/w:1914\/h:1080\/q:mauto\/f:best\/dpr:2\/https:\/\/happywandern.ch\/wp-content\/uploads\/2023\/09\/IMG-20230520-WA0003.jpg 2x\" sizes=\"(max-width: 800px) 100vw, 800px\" \/><\/a><\/figure>\n\n\n\n<figure class=\"wp-block-image size-large\"><a href=\"https:\/\/mllyhhjswtj8.i.optimole.com\/w:auto\/h:auto\/q:mauto\/f:best\/https:\/\/happywandern.ch\/wp-content\/uploads\/2023\/09\/20220521_110553-scaled.jpg\"><img data-opt-id=77563807  data-opt-src=\"https:\/\/mllyhhjswtj8.i.optimole.com\/w:1024\/h:768\/q:mauto\/f:best\/https:\/\/happywandern.ch\/wp-content\/uploads\/2023\/09\/20220521_110553.jpg\"  loading=\"lazy\" decoding=\"async\" width=\"1024\" height=\"768\" data-id=\"946\" src=\"https:\/\/mllyhhjswtj8.i.optimole.com\/w:1024\/h:768\/q:eco\/f:best\/https:\/\/happywandern.ch\/wp-content\/uploads\/2023\/09\/20220521_110553.jpg\" alt=\"\" class=\"wp-image-946\" old-srcset=\"https:\/\/mllyhhjswtj8.i.optimole.com\/w:1024\/h:768\/q:mauto\/f:best\/https:\/\/happywandern.ch\/wp-content\/uploads\/2023\/09\/20220521_110553-scaled.jpg 1024w, https:\/\/mllyhhjswtj8.i.optimole.com\/w:300\/h:225\/q:mauto\/f:best\/https:\/\/happywandern.ch\/wp-content\/uploads\/2023\/09\/20220521_110553-scaled.jpg 300w, https:\/\/mllyhhjswtj8.i.optimole.com\/w:768\/h:576\/q:mauto\/f:best\/https:\/\/happywandern.ch\/wp-content\/uploads\/2023\/09\/20220521_110553-scaled.jpg 768w, https:\/\/mllyhhjswtj8.i.optimole.com\/w:1440\/h:1080\/q:mauto\/f:best\/https:\/\/happywandern.ch\/wp-content\/uploads\/2023\/09\/20220521_110553-scaled.jpg 1536w, https:\/\/mllyhhjswtj8.i.optimole.com\/w:1440\/h:1080\/q:mauto\/f:best\/https:\/\/happywandern.ch\/wp-content\/uploads\/2023\/09\/20220521_110553-scaled.jpg 2048w, https:\/\/mllyhhjswtj8.i.optimole.com\/w:1440\/h:1080\/q:mauto\/f:best\/dpr:2\/https:\/\/happywandern.ch\/wp-content\/uploads\/2023\/09\/20220521_110553-scaled.jpg 2x\" \/><\/a><\/figure>\n<\/figure>\n","protected":false},"excerpt":{"rendered":"<p>Zwei Tage unterwegs, mit dem Blick auf die Alpenflora im Naturpark Beverin. Der erste Tag startet auf dem Hof der Familie Michael in Donat. Wir erhalten einen Einblick zu Ihren Tieren und Ihrer genialen Idee, Safran auf dieser H\u00f6he im Naturpark Beverin anzubauen. Alles \u00fcber die Aufwendigkeit und die Bedeutung erfahrt ihr in einem spannenden [&hellip;]<\/p>\n","protected":false},"author":1,"featured_media":947,"comment_status":"open","ping_status":"closed","sticky":false,"template":"","format":"standard","meta":{"_acf_changed":false,"footnotes":""},"categories":[14],"tags":[],"class_list":["post-944","post","type-post","status-publish","format-standard","has-post-thumbnail","hentry","category-archiv"],"acf":{"datum":"20240615","anzahl_tage":2,"treffpunkt":"9:30  in Donat, (Gep\u00e4ckst\u00fccke werden in den vorhandenen Autos verteilt, bitte bereits in Wandermontur erscheinen, bitte mitteilen wer mit Auto, wer mit \u00d6V anreist)","zeit":"ca. 3h pro Tag","distanz":15,"hohenmeter":680,"tiefenmeter":680,"kondition":"Mittel","schwierigkeit":"T2","kosten":"250","archiv":"nein","mitnehmen":"Tagesrucksack mit Lunch und Getr\u00e4nke. \r\nEigene Medikamente\/ Notfalldecke\/Notfallblatt in der Deckeltasche des Rucksackes. Passende Bergkleidung, mit Regenschutz, es kann trotz Fr\u00fchling frisch sein.\r\nGute Laune und Freude an der Natur. Interesse am Wandern in einer Kleingruppe.\r\n","kondition-text":"Es handelt sich um eine einfache Bergwanderungen T2, Kondition leicht bis mittel. ","anmeldung":"Bis sp\u00e4testens Mitte Mai 2024"},"yoast_head":"<!-- This site is optimized with the Yoast SEO plugin v27.4 - https:\/\/yoast.com\/product\/yoast-seo-wordpress\/ -->\n<title>Alpenflora Tour mit Safran - Vortrag - Happy Wandern<\/title>\n<meta name=\"description\" content=\"Zwei Tage unterwegs, mit dem Blick auf die Alpenflora im Naturpark Beverin. Mit einem informativen Safranvortrag.\" \/>\n<meta name=\"robots\" content=\"index, follow, max-snippet:-1, max-image-preview:large, max-video-preview:-1\" \/>\n<link rel=\"canonical\" href=\"https:\/\/happywandern.ch\/index.php\/2023\/09\/22\/alpenflora-tour\/\" \/>\n<meta property=\"og:locale\" content=\"de_DE\" \/>\n<meta property=\"og:type\" content=\"article\" \/>\n<meta property=\"og:title\" content=\"Alpenflora Tour mit Safran - Vortrag - Happy Wandern\" \/>\n<meta property=\"og:description\" content=\"Zwei Tage unterwegs, mit dem Blick auf die Alpenflora im Naturpark Beverin. Mit einem informativen Safranvortrag.\" \/>\n<meta property=\"og:url\" content=\"https:\/\/happywandern.ch\/index.php\/2023\/09\/22\/alpenflora-tour\/\" \/>\n<meta property=\"og:site_name\" content=\"Happy Wandern\" \/>\n<meta property=\"article:published_time\" content=\"2023-09-22T07:38:25+00:00\" \/>\n<meta property=\"article:modified_time\" content=\"2024-07-10T04:00:51+00:00\" \/>\n<meta property=\"og:image\" content=\"https:\/\/mllyhhjswtj8.i.optimole.com\/w:auto\/h:auto\/q:mauto\/f:best\/https:\/\/happywandern.ch\/wp-content\/uploads\/2023\/09\/20220521_123935-scaled.jpg\" \/>\n\t<meta property=\"og:image:width\" content=\"2560\" \/>\n\t<meta property=\"og:image:height\" content=\"1920\" \/>\n\t<meta property=\"og:image:type\" content=\"image\/jpeg\" \/>\n<meta name=\"author\" content=\"paul\" \/>\n<meta name=\"twitter:card\" content=\"summary_large_image\" \/>\n<meta name=\"twitter:label1\" content=\"Geschrieben von\" \/>\n\t<meta name=\"twitter:data1\" content=\"paul\" \/>\n\t<meta name=\"twitter:label2\" content=\"Gesch\u00e4tzte Lesezeit\" \/>\n\t<meta name=\"twitter:data2\" content=\"2\u00a0Minuten\" \/>\n<script type=\"application\/ld+json\" class=\"yoast-schema-graph\">{\"@context\":\"https:\\\/\\\/schema.org\",\"@graph\":[{\"@type\":\"Article\",\"@id\":\"https:\\\/\\\/happywandern.ch\\\/index.php\\\/2023\\\/09\\\/22\\\/alpenflora-tour\\\/#article\",\"isPartOf\":{\"@id\":\"https:\\\/\\\/happywandern.ch\\\/index.php\\\/2023\\\/09\\\/22\\\/alpenflora-tour\\\/\"},\"author\":{\"name\":\"paul\",\"@id\":\"https:\\\/\\\/happywandern.ch\\\/#\\\/schema\\\/person\\\/3d9f9eb1188a2097434764a1e34025a3\"},\"headline\":\"Alpenflora Tour mit Safran &#8211; Vortrag\",\"datePublished\":\"2023-09-22T07:38:25+00:00\",\"dateModified\":\"2024-07-10T04:00:51+00:00\",\"mainEntityOfPage\":{\"@id\":\"https:\\\/\\\/happywandern.ch\\\/index.php\\\/2023\\\/09\\\/22\\\/alpenflora-tour\\\/\"},\"wordCount\":210,\"commentCount\":0,\"publisher\":{\"@id\":\"https:\\\/\\\/happywandern.ch\\\/#organization\"},\"image\":{\"@id\":\"https:\\\/\\\/happywandern.ch\\\/index.php\\\/2023\\\/09\\\/22\\\/alpenflora-tour\\\/#primaryimage\"},\"thumbnailUrl\":\"https:\\/\\/happywandern.ch\\/wp-content\\/uploads\\/2023\\/09\\/20220521_123935-scaled.jpg\",\"articleSection\":[\"Archiv\"],\"inLanguage\":\"de-CH\",\"potentialAction\":[{\"@type\":\"CommentAction\",\"name\":\"Comment\",\"target\":[\"https:\\\/\\\/happywandern.ch\\\/index.php\\\/2023\\\/09\\\/22\\\/alpenflora-tour\\\/#respond\"]}]},{\"@type\":\"WebPage\",\"@id\":\"https:\\\/\\\/happywandern.ch\\\/index.php\\\/2023\\\/09\\\/22\\\/alpenflora-tour\\\/\",\"url\":\"https:\\\/\\\/happywandern.ch\\\/index.php\\\/2023\\\/09\\\/22\\\/alpenflora-tour\\\/\",\"name\":\"Alpenflora Tour mit Safran - Vortrag - Happy Wandern\",\"isPartOf\":{\"@id\":\"https:\\\/\\\/happywandern.ch\\\/#website\"},\"primaryImageOfPage\":{\"@id\":\"https:\\\/\\\/happywandern.ch\\\/index.php\\\/2023\\\/09\\\/22\\\/alpenflora-tour\\\/#primaryimage\"},\"image\":{\"@id\":\"https:\\\/\\\/happywandern.ch\\\/index.php\\\/2023\\\/09\\\/22\\\/alpenflora-tour\\\/#primaryimage\"},\"thumbnailUrl\":\"https:\\/\\/happywandern.ch\\/wp-content\\/uploads\\/2023\\/09\\/20220521_123935-scaled.jpg\",\"datePublished\":\"2023-09-22T07:38:25+00:00\",\"dateModified\":\"2024-07-10T04:00:51+00:00\",\"description\":\"Zwei Tage unterwegs, mit dem Blick auf die Alpenflora im Naturpark Beverin. Mit einem informativen Safranvortrag.\",\"breadcrumb\":{\"@id\":\"https:\\\/\\\/happywandern.ch\\\/index.php\\\/2023\\\/09\\\/22\\\/alpenflora-tour\\\/#breadcrumb\"},\"inLanguage\":\"de-CH\",\"potentialAction\":[{\"@type\":\"ReadAction\",\"target\":[\"https:\\\/\\\/happywandern.ch\\\/index.php\\\/2023\\\/09\\\/22\\\/alpenflora-tour\\\/\"]}]},{\"@type\":\"ImageObject\",\"inLanguage\":\"de-CH\",\"@id\":\"https:\\\/\\\/happywandern.ch\\\/index.php\\\/2023\\\/09\\\/22\\\/alpenflora-tour\\\/#primaryimage\",\"url\":\"https:\\/\\/happywandern.ch\\/wp-content\\/uploads\\/2023\\/09\\/20220521_123935-scaled.jpg\",\"contentUrl\":\"https:\\/\\/happywandern.ch\\/wp-content\\/uploads\\/2023\\/09\\/20220521_123935-scaled.jpg\",\"width\":2560,\"height\":1920},{\"@type\":\"BreadcrumbList\",\"@id\":\"https:\\\/\\\/happywandern.ch\\\/index.php\\\/2023\\\/09\\\/22\\\/alpenflora-tour\\\/#breadcrumb\",\"itemListElement\":[{\"@type\":\"ListItem\",\"position\":1,\"name\":\"Home\",\"item\":\"https:\\\/\\\/happywandern.ch\\\/\"},{\"@type\":\"ListItem\",\"position\":2,\"name\":\"Alpenflora Tour mit Safran &#8211; Vortrag\"}]},{\"@type\":\"WebSite\",\"@id\":\"https:\\\/\\\/happywandern.ch\\\/#website\",\"url\":\"https:\\\/\\\/happywandern.ch\\\/\",\"name\":\"Happy Wandern\",\"description\":\"\",\"publisher\":{\"@id\":\"https:\\\/\\\/happywandern.ch\\\/#organization\"},\"potentialAction\":[{\"@type\":\"SearchAction\",\"target\":{\"@type\":\"EntryPoint\",\"urlTemplate\":\"https:\\\/\\\/happywandern.ch\\\/?s={search_term_string}\"},\"query-input\":{\"@type\":\"PropertyValueSpecification\",\"valueRequired\":true,\"valueName\":\"search_term_string\"}}],\"inLanguage\":\"de-CH\"},{\"@type\":\"Organization\",\"@id\":\"https:\\\/\\\/happywandern.ch\\\/#organization\",\"name\":\"Happy Wandern\",\"url\":\"https:\\\/\\\/happywandern.ch\\\/\",\"logo\":{\"@type\":\"ImageObject\",\"inLanguage\":\"de-CH\",\"@id\":\"https:\\\/\\\/happywandern.ch\\\/#\\\/schema\\\/logo\\\/image\\\/\",\"url\":\"https:\\/\\/happywandern.ch\\/wp-content\\/uploads\\/2023\\/01\\/happywandern_logo_mit_blatt_4.png\",\"contentUrl\":\"https:\\/\\/happywandern.ch\\/wp-content\\/uploads\\/2023\\/01\\/happywandern_logo_mit_blatt_4.png\",\"width\":2681,\"height\":948,\"caption\":\"Happy Wandern\"},\"image\":{\"@id\":\"https:\\\/\\\/happywandern.ch\\\/#\\\/schema\\\/logo\\\/image\\\/\"}},{\"@type\":\"Person\",\"@id\":\"https:\\\/\\\/happywandern.ch\\\/#\\\/schema\\\/person\\\/3d9f9eb1188a2097434764a1e34025a3\",\"name\":\"paul\",\"image\":{\"@type\":\"ImageObject\",\"inLanguage\":\"de-CH\",\"@id\":\"https:\\\/\\\/secure.gravatar.com\\\/avatar\\\/4691fc84c53c19f26926596ac6f3cc301e19ac708045852914cb4496b6fab868?s=96&d=mm&r=g\",\"url\":\"https:\\\/\\\/secure.gravatar.com\\\/avatar\\\/4691fc84c53c19f26926596ac6f3cc301e19ac708045852914cb4496b6fab868?s=96&d=mm&r=g\",\"contentUrl\":\"https:\\\/\\\/secure.gravatar.com\\\/avatar\\\/4691fc84c53c19f26926596ac6f3cc301e19ac708045852914cb4496b6fab868?s=96&d=mm&r=g\",\"caption\":\"paul\"},\"sameAs\":[\"https:\\\/\\\/happywandern.ch\"],\"url\":\"https:\\\/\\\/happywandern.ch\\\/index.php\\\/author\\\/paul\\\/\"}]}<\/script>\n<!-- \/ Yoast SEO plugin. -->","yoast_head_json":{"title":"Alpenflora Tour mit Safran - Vortrag - Happy Wandern","description":"Zwei Tage unterwegs, mit dem Blick auf die Alpenflora im Naturpark Beverin. Mit einem informativen Safranvortrag.","robots":{"index":"index","follow":"follow","max-snippet":"max-snippet:-1","max-image-preview":"max-image-preview:large","max-video-preview":"max-video-preview:-1"},"canonical":"https:\/\/happywandern.ch\/index.php\/2023\/09\/22\/alpenflora-tour\/","og_locale":"de_DE","og_type":"article","og_title":"Alpenflora Tour mit Safran - Vortrag - Happy Wandern","og_description":"Zwei Tage unterwegs, mit dem Blick auf die Alpenflora im Naturpark Beverin. Mit einem informativen Safranvortrag.","og_url":"https:\/\/happywandern.ch\/index.php\/2023\/09\/22\/alpenflora-tour\/","og_site_name":"Happy Wandern","article_published_time":"2023-09-22T07:38:25+00:00","article_modified_time":"2024-07-10T04:00:51+00:00","og_image":[{"width":2560,"height":1920,"url":"https:\/\/mllyhhjswtj8.i.optimole.com\/w:auto\/h:auto\/q:mauto\/f:best\/https:\/\/happywandern.ch\/wp-content\/uploads\/2023\/09\/20220521_123935-scaled.jpg","type":"image\/jpeg"}],"author":"paul","twitter_card":"summary_large_image","twitter_misc":{"Geschrieben von":"paul","Gesch\u00e4tzte Lesezeit":"2\u00a0Minuten"},"schema":{"@context":"https:\/\/schema.org","@graph":[{"@type":"Article","@id":"https:\/\/happywandern.ch\/index.php\/2023\/09\/22\/alpenflora-tour\/#article","isPartOf":{"@id":"https:\/\/happywandern.ch\/index.php\/2023\/09\/22\/alpenflora-tour\/"},"author":{"name":"paul","@id":"https:\/\/happywandern.ch\/#\/schema\/person\/3d9f9eb1188a2097434764a1e34025a3"},"headline":"Alpenflora Tour mit Safran &#8211; Vortrag","datePublished":"2023-09-22T07:38:25+00:00","dateModified":"2024-07-10T04:00:51+00:00","mainEntityOfPage":{"@id":"https:\/\/happywandern.ch\/index.php\/2023\/09\/22\/alpenflora-tour\/"},"wordCount":210,"commentCount":0,"publisher":{"@id":"https:\/\/happywandern.ch\/#organization"},"image":{"@id":"https:\/\/happywandern.ch\/index.php\/2023\/09\/22\/alpenflora-tour\/#primaryimage"},"thumbnailUrl":"https:\/\/mllyhhjswtj8.i.optimole.com\/w:auto\/h:auto\/q:mauto\/f:best\/https:\/\/happywandern.ch\/wp-content\/uploads\/2023\/09\/20220521_123935-scaled.jpg","articleSection":["Archiv"],"inLanguage":"de-CH","potentialAction":[{"@type":"CommentAction","name":"Comment","target":["https:\/\/happywandern.ch\/index.php\/2023\/09\/22\/alpenflora-tour\/#respond"]}]},{"@type":"WebPage","@id":"https:\/\/happywandern.ch\/index.php\/2023\/09\/22\/alpenflora-tour\/","url":"https:\/\/happywandern.ch\/index.php\/2023\/09\/22\/alpenflora-tour\/","name":"Alpenflora Tour mit Safran - Vortrag - Happy Wandern","isPartOf":{"@id":"https:\/\/happywandern.ch\/#website"},"primaryImageOfPage":{"@id":"https:\/\/happywandern.ch\/index.php\/2023\/09\/22\/alpenflora-tour\/#primaryimage"},"image":{"@id":"https:\/\/happywandern.ch\/index.php\/2023\/09\/22\/alpenflora-tour\/#primaryimage"},"thumbnailUrl":"https:\/\/mllyhhjswtj8.i.optimole.com\/w:auto\/h:auto\/q:mauto\/f:best\/https:\/\/happywandern.ch\/wp-content\/uploads\/2023\/09\/20220521_123935-scaled.jpg","datePublished":"2023-09-22T07:38:25+00:00","dateModified":"2024-07-10T04:00:51+00:00","description":"Zwei Tage unterwegs, mit dem Blick auf die Alpenflora im Naturpark Beverin. Mit einem informativen Safranvortrag.","breadcrumb":{"@id":"https:\/\/happywandern.ch\/index.php\/2023\/09\/22\/alpenflora-tour\/#breadcrumb"},"inLanguage":"de-CH","potentialAction":[{"@type":"ReadAction","target":["https:\/\/happywandern.ch\/index.php\/2023\/09\/22\/alpenflora-tour\/"]}]},{"@type":"ImageObject","inLanguage":"de-CH","@id":"https:\/\/happywandern.ch\/index.php\/2023\/09\/22\/alpenflora-tour\/#primaryimage","url":"https:\/\/mllyhhjswtj8.i.optimole.com\/w:auto\/h:auto\/q:mauto\/f:best\/https:\/\/happywandern.ch\/wp-content\/uploads\/2023\/09\/20220521_123935-scaled.jpg","contentUrl":"https:\/\/mllyhhjswtj8.i.optimole.com\/w:auto\/h:auto\/q:mauto\/f:best\/https:\/\/happywandern.ch\/wp-content\/uploads\/2023\/09\/20220521_123935-scaled.jpg","width":2560,"height":1920},{"@type":"BreadcrumbList","@id":"https:\/\/happywandern.ch\/index.php\/2023\/09\/22\/alpenflora-tour\/#breadcrumb","itemListElement":[{"@type":"ListItem","position":1,"name":"Home","item":"https:\/\/happywandern.ch\/"},{"@type":"ListItem","position":2,"name":"Alpenflora Tour mit Safran &#8211; Vortrag"}]},{"@type":"WebSite","@id":"https:\/\/happywandern.ch\/#website","url":"https:\/\/happywandern.ch\/","name":"Happy Wandern","description":"","publisher":{"@id":"https:\/\/happywandern.ch\/#organization"},"potentialAction":[{"@type":"SearchAction","target":{"@type":"EntryPoint","urlTemplate":"https:\/\/happywandern.ch\/?s={search_term_string}"},"query-input":{"@type":"PropertyValueSpecification","valueRequired":true,"valueName":"search_term_string"}}],"inLanguage":"de-CH"},{"@type":"Organization","@id":"https:\/\/happywandern.ch\/#organization","name":"Happy Wandern","url":"https:\/\/happywandern.ch\/","logo":{"@type":"ImageObject","inLanguage":"de-CH","@id":"https:\/\/happywandern.ch\/#\/schema\/logo\/image\/","url":"https:\/\/mllyhhjswtj8.i.optimole.com\/w:auto\/h:auto\/q:mauto\/f:best\/https:\/\/happywandern.ch\/wp-content\/uploads\/2023\/01\/happywandern_logo_mit_blatt_4.png","contentUrl":"https:\/\/mllyhhjswtj8.i.optimole.com\/w:auto\/h:auto\/q:mauto\/f:best\/https:\/\/happywandern.ch\/wp-content\/uploads\/2023\/01\/happywandern_logo_mit_blatt_4.png","width":2681,"height":948,"caption":"Happy Wandern"},"image":{"@id":"https:\/\/happywandern.ch\/#\/schema\/logo\/image\/"}},{"@type":"Person","@id":"https:\/\/happywandern.ch\/#\/schema\/person\/3d9f9eb1188a2097434764a1e34025a3","name":"paul","image":{"@type":"ImageObject","inLanguage":"de-CH","@id":"https:\/\/secure.gravatar.com\/avatar\/4691fc84c53c19f26926596ac6f3cc301e19ac708045852914cb4496b6fab868?s=96&d=mm&r=g","url":"https:\/\/secure.gravatar.com\/avatar\/4691fc84c53c19f26926596ac6f3cc301e19ac708045852914cb4496b6fab868?s=96&d=mm&r=g","contentUrl":"https:\/\/secure.gravatar.com\/avatar\/4691fc84c53c19f26926596ac6f3cc301e19ac708045852914cb4496b6fab868?s=96&d=mm&r=g","caption":"paul"},"sameAs":["https:\/\/happywandern.ch"],"url":"https:\/\/happywandern.ch\/index.php\/author\/paul\/"}]}},"_links":{"self":[{"href":"https:\/\/happywandern.ch\/index.php\/wp-json\/wp\/v2\/posts\/944","targetHints":{"allow":["GET"]}}],"collection":[{"href":"https:\/\/happywandern.ch\/index.php\/wp-json\/wp\/v2\/posts"}],"about":[{"href":"https:\/\/happywandern.ch\/index.php\/wp-json\/wp\/v2\/types\/post"}],"author":[{"embeddable":true,"href":"https:\/\/happywandern.ch\/index.php\/wp-json\/wp\/v2\/users\/1"}],"replies":[{"embeddable":true,"href":"https:\/\/happywandern.ch\/index.php\/wp-json\/wp\/v2\/comments?post=944"}],"version-history":[{"count":10,"href":"https:\/\/happywandern.ch\/index.php\/wp-json\/wp\/v2\/posts\/944\/revisions"}],"predecessor-version":[{"id":981,"href":"https:\/\/happywandern.ch\/index.php\/wp-json\/wp\/v2\/posts\/944\/revisions\/981"}],"wp:featuredmedia":[{"embeddable":true,"href":"https:\/\/happywandern.ch\/index.php\/wp-json\/wp\/v2\/media\/947"}],"wp:attachment":[{"href":"https:\/\/happywandern.ch\/index.php\/wp-json\/wp\/v2\/media?parent=944"}],"wp:term":[{"taxonomy":"category","embeddable":true,"href":"https:\/\/happywandern.ch\/index.php\/wp-json\/wp\/v2\/categories?post=944"},{"taxonomy":"post_tag","embeddable":true,"href":"https:\/\/happywandern.ch\/index.php\/wp-json\/wp\/v2\/tags?post=944"}],"curies":[{"name":"wp","href":"https:\/\/api.w.org\/{rel}","templated":true}]}}